{"id":26596,"date":"2025-12-11T08:35:10","date_gmt":"2025-12-11T06:35:10","guid":{"rendered":"https:\/\/www.skaala.com\/?p=26596"},"modified":"2026-01-27T15:37:32","modified_gmt":"2026-01-27T13:37:32","slug":"uusi-arvo-ikkuna","status":"publish","type":"post","link":"https:\/\/www.skaala.com\/fi\/uusi-arvo-ikkuna\/","title":{"rendered":"Uusi Arvo-ikkuna t\u00e4ydent\u00e4\u00e4 Skaalan ikkunamallistoa"},"content":{"rendered":"\n<div id=\"text-block-block_b19c4fc124aa9bd7b0e54159916a7f19\" class=\"text-block\">\n\t\t\t<p>Uusi Arvo-ikkuna t\u00e4ydent\u00e4\u00e4 Skaalan tuoteperhett\u00e4 syksyll\u00e4 2024 julkaistun Arvo+-ikkunan rinnalla. Uuteen Arvo-ikkunaan on tuotu monia Arvo+-ikkunan rakastettuja ominaisuuksia, kuten tyylik\u00e4s design ja korkea energiatehokkuus. Samalla uudella ikkunamallilla on pyritty vastamaan asiakkailta kuultuihin toiveisiin.<\/p>\n\t<\/div>\n\n\n\n\n<a href=\"https:\/\/www.skaala.com\/fi\/arvo-ikkuna-on-tyylikas-ja-energiatehokas\/\" \nid=\"button-block-block_31650168a3edec8ef7fa74c1a95103ad\" \nclass=\"button-block button\"\ntarget=\"\"\n>Lue lis\u00e4\u00e4 Arvo-ikkunoista <\/a>\n\n\n\n\n<a href=\"https:\/\/www.skaala.com\/fi\/hyodynna-kampanja\/\" \nid=\"button-block-block_2e33a210d7c151c1caf4cd57589d1a3f\" \nclass=\"button-block button\"\ntarget=\"\"\n>Tutustu Arvo-kampanjaan<\/a>\n\n\n\n\n<div id=\"text-block-block_d6b642f05e1fef22abd45e0b693b59e5\" class=\"text-block\">\n\t<\/div>\n\n\n\n\t\n\t<div id=\"heading-block-block_79679817c9cc6b5003bd93b44c44227f\" class=\"heading-block\">\n\t\t<h2 ><span>Arvo-mallisto p\u00e4hkin\u00e4nkuoressa <\/span><\/h2>\t<\/div>\n\n\n\n<div id=\"text-block-block_287404d58e7484e13ebc2a5c873233f5\" class=\"text-block\">\n\t\t\t<p>Arvo-mallistoon kuuluu kaksi ikkunaa: Arvo+ sek\u00e4 uusi Arvo-ikkuna.<\/p>\n<p>&nbsp;<\/p>\n<p>Malliston tunnusmerkkej\u00e4 ovat:<\/p>\n<ul>\n<li>selke\u00e4 ja huoliteltu ulkon\u00e4k\u00f6<\/li>\n<li>loistava energiatehokkuus<\/li>\n<li>tyylik\u00e4s piilosaranaratkaisu<\/li>\n<li>helppo ja miellytt\u00e4v\u00e4 k\u00e4ytt\u00f6.<\/li>\n<\/ul>\n\t<\/div>\n\n\n\n\n<div id=\"image-block_71e66a75f1376688aeb0a325e4e43ce0\" class=\"image-block\">\n\t\t\t\t<div class=\"image-container\" style=\"width: px; height: \n\t\tauto;\">\n\t\t\t<img decoding=\"async\" src=\"https:\/\/www.skaala.com\/wp-content\/uploads\/2025\/12\/Nettiresoluutio_E5A3705-HDR.jpg\" alt=\"Arvo-ikkunassa on helppo lukitusmekanismi\">\n\t\t<\/div>\n\t \n\n\t<\/div>\n\n\n\n\t\n\t<div id=\"heading-block-block_d76c419bdbbf97ac9f8a0c825eedef12\" class=\"heading-block\">\n\t\t<h2 ><span>Arvo-ikkuna on suunniteltu suomalaisiin koteihin <\/span><\/h2>\t<\/div>\n\n\n\n<div id=\"text-block-block_adc9d28d4fa22769276629739cf9b703\" class=\"text-block\">\n\t\t\t<p><span data-contrast=\"auto\">Arvo-ikkuna syntyi asiakkaidemme toiveista saada Arvo+-ikkunasta my\u00f6s kolmilasinen vaihtoehto. Uusi ikkunamallimme sopii my\u00f6s suurimpiin ikkuna\u00adkokoihin.<\/span><span data-ccp-props=\"{}\">\u00a0<\/span><\/p>\n<p>&nbsp;<\/p>\n<p><span data-contrast=\"auto\">\u201dUudella Arvo-ikkunalla pystymme vastamaan kaikkiin eri kokoihin edelleen hyv\u00e4ll\u00e4 energialuokalla. Arvo+ on suosittu nelilasinen ikkunamalli, ja tarve kolmilasiseen versioon nousi suoraan asiakkailta\u201d, kertoo Skaalan vienti- ja kehitysjohtaja <\/span><b><span data-contrast=\"auto\">Timo Hella<\/span><\/b><span data-contrast=\"auto\">.\u00a0<\/span><span data-ccp-props=\"{}\">\u00a0<\/span><\/p>\n\t<\/div>\n\n\n\n\n<div id=\"text-block-block_15ddba9a07673a2055f1eabb0f1dd113\" class=\"text-block\">\n\t\t\t<div class=\"video-container\"><iframe title=\"Uusi Arvo-ikkuna t\u00e4ydent\u00e4\u00e4 Skaalan tuoteperhett\u00e4\" width=\"500\" height=\"281\" src=\"https:\/\/www.youtube.com\/embed\/ANtAeisGmuA?feature=oembed\" frameborder=\"0\" allow=\"accelerometer; autoplay; clipboard-write; encrypted-media; gyroscope; picture-in-picture; web-share\" referrerpolicy=\"strict-origin-when-cross-origin\" allowfullscreen><\/iframe><\/div>\n<p>&nbsp;<\/p>\n\t<\/div>\n\n\n\n\t\n\t<div id=\"heading-block-block_cb9ab49087d61a700172975b613985cc\" class=\"heading-block\">\n\t\t<h2 ><span>Uutuusikkunan energiatehokkuus edelleen huippuluokkaa <\/span><\/h2>\t<\/div>\n\n\n\n<div id=\"text-block-block_ff415ce9130359e0c5ba477a0159f5bc\" class=\"text-block\">\n\t\t\t<p>Ikkunan U-arvo kertoo, kuinka hyvin ikkuna erist\u00e4\u00e4 l\u00e4mp\u00f6\u00e4. Mit\u00e4 pienempi arvo on, sit\u00e4 v\u00e4hemm\u00e4n l\u00e4mp\u00f6\u00e4 karkaa ulos.<\/p>\n<p>&nbsp;<\/p>\n<p>Rakentamisessa k\u00e4ytetty ikkunoiden tavanomainen U-arvo on 1,0. Arvo-ikkunan rakenne on suunniteltu niin, ett\u00e4 energiatehokkuus pysyy korkealla tasolla: sen U-arvo on 0,77.<\/p>\n<p>&nbsp;<\/p>\n<p>Arvo+-ikkuna on malliston energiatehokkain vaihtoehto, ja sen U-arvo on 0,57, mik\u00e4 on alan parhaimmistoa.<\/p>\n<p>&nbsp;<\/p>\n<p>Lue my\u00f6s: <strong><a href=\"https:\/\/www.skaala.com\/fi\/lampoikkunat\/\">Mit\u00e4 l\u00e4mp\u00f6ikkunat ovat ja miten ne eroavat matalaenergiaikkunoista? <\/a><\/strong><\/p>\n\t<\/div>\n\n\n\n\n<div id=\"image-block_c3302f71ea9555b2c6e73b77d5be8b4a\" class=\"image-block\">\n\t\t\t\t<div class=\"image-container\" style=\"width: px; height: \n\t\tauto;\">\n\t\t\t<img decoding=\"async\" src=\"https:\/\/www.skaala.com\/wp-content\/uploads\/2025\/12\/Nettiresoluutio_E5A3739.jpg\" alt=\"Arvo-ikkunassa on tyylikk\u00e4\u00e4t piilosaranat\">\n\t\t<\/div>\n\t \n\n\t<\/div>\n\n\n\n\t\n\t<div id=\"heading-block-block_460d8f6b6555a37f3cb0fe09bb9d018c\" class=\"heading-block\">\n\t\t<h2 ><span>Tyylik\u00e4s ulkon\u00e4k\u00f6 ja helppok\u00e4ytt\u00f6isyys tekev\u00e4t Arvo-ikkunasta loistavan valinnan moderniin kotiin<\/span><\/h2>\t<\/div>\n\n\n\n<div id=\"text-block-block_ef8adbd3ee28f20449ae00b04723de50\" class=\"text-block\">\n\t\t\t<p>Tyylikk\u00e4\u00e4t Arvo-malliston ikkunat on suunniteltu ennen kaikkea pohjoismaiseen rakentamiseen.<\/p>\n<p>&nbsp;<\/p>\n<p>Skaalan patentoidut suoraan ikkunarakenteeseen tehdyt piilosaranat luovat viimeistellyn ulkoasun ja parantavat Arvo-ikkunoiden tiivistyst\u00e4.<\/p>\n<p>&nbsp;<\/p>\n<p>Lis\u00e4ksi Arvo-malliston ikkunoista l\u00f6ytyy esimerkiksi yhden painikkeen lukitus, joka helpottaa ikkunoiden k\u00e4ytt\u00f6\u00e4 entisest\u00e4\u00e4n.<\/p>\n\t<\/div>\n\n\n\n\n<a href=\"https:\/\/www.skaala.com\/fi\/arvo-ikkuna-on-tyylikas-ja-energiatehokas\/\" \nid=\"button-block-block_2e4a29408e78443048afbe567dbbbd39\" \nclass=\"button-block button\"\ntarget=\"\"\n>Lue lis\u00e4\u00e4 Arvo-ikkunoiden ominaisuuksista  <\/a>\n\n\n\n\n<div id=\"text-block-block_d6b642f05e1fef22abd45e0b693b59e5\" class=\"text-block\">\n\t<\/div>\n\n\n\n\t\n\t<div id=\"heading-block-block_dd68f9a1a51b9d9f887e34ba9b6ba903\" class=\"heading-block\">\n\t\t<h2 ><span>  Arvo+ on markkinoiden energiatehokkain 3+1-rakenteella oleva ikkuna <\/span><\/h2>\t<\/div>\n\n\n\n<div id=\"text-block-block_9b7a7c7dc9ea5f2b280ec2ed97042373\" class=\"text-block\">\n\t\t\t<p>Asiakkaamme toivoivat ulkon\u00e4\u00f6lt\u00e4\u00e4n modernia ja mahdollisimman energiatehokasta ikkunaa. Kuuntelimme asiakkaidemme toiveita, ja syksyll\u00e4 2024 lanseerasimme uuden Arvo+-ikkunan.<\/p>\n<p>&nbsp;<\/p>\n<p>\u201dKysymme markkinasta jatkuvasti asiakaspalautetta ja toiveita tuotteiden ominaisuuksille. Tarve energiatehokkaan, tyylikk\u00e4\u00e4n ja k\u00e4ytt\u00e4j\u00e4yst\u00e4v\u00e4llisen Arvo+ikkunan kehitykselle nousi puhtaasti asiakkailta. Tuotekehityksen taustalla on oma tuotekehitystiimimme sek\u00e4 koko konsernin tuki\u201d, kommentoi Skaalan toimitusjohtaja Antti Hautapakka.<\/p>\n\t<\/div>\n\n\n\n\t\n\t<div id=\"heading-block-block_8ea445f64c8d8dff16494ba1d2b21cf5\" class=\"heading-block\">\n\t\t<h2 ><span>Etsinn\u00e4ss\u00e4 tyylikk\u00e4\u00e4t ja toimivat ikkunat kotiisi? <\/span><\/h2>\t<\/div>\n\n\n\n<div id=\"text-block-block_6521eb70b905acb6a74a3dc3aabc6e0e\" class=\"text-block\">\n\t\t\t<p>Kiinnostuitko Arvo-ikkunoista? Vai onko sinulla ikkunaremontti mieless\u00e4? Autamme sinua mielell\u00e4mme valitsemaan juuri kotiisi parhaiten sopivat ikkunat. Ota meihin yhteytt\u00e4, niin etsit\u00e4\u00e4n kotiisi parhaiten sopivat ikkunat!<\/p>\n\t<\/div>\n\n\n\n\n<a href=\"https:\/\/www.skaala.com\/fi\/yhteystiedot\/\" \nid=\"button-block-block_6f1c3f709c47be7807666819a3ddc04a\" \nclass=\"button-block button\"\ntarget=\"\"\n>Kysy lis\u00e4\u00e4 l\u00e4himm\u00e4lt\u00e4 Skaala-kauppiaaltasi<\/a>\n\n\n\n\n<a href=\"https:\/\/bot.leadoo.com\/bot\/visual.html?code=392a3935\" id=\"button-block-block_14d8ec002f28753c90527fb53cb1926d\" class=\"button-block button\" target=\"\" rel=\"noopener\">Tilaa ilmainen arviointik\u00e4ynti<\/a>\n\n\n\n\n<div id=\"image-block_124a7479ddedcb77d03238b4dc40d917\" class=\"image-block\">\n\t\t\t\t<div class=\"image-container\" style=\"width: px; height: \n\t\tauto;\">\n\t\t\t<img decoding=\"async\" src=\"https:\/\/www.skaala.com\/wp-content\/uploads\/2025\/12\/Arvo-ikkuna-scaled.jpg\" alt=\"\">\n\t\t<\/div>\n\t \n\n\t<\/div>\n\n","protected":false},"excerpt":{"rendered":"","protected":false},"author":5,"featured_media":26708,"comment_status":"closed","ping_status":"open","sticky":false,"template":"","format":"standard","meta":{"_acf_changed":false,"inline_featured_image":false,"footnotes":""},"categories":[1],"tags":[],"class_list":["post-26596","post","type-post","status-publish","format-standard","has-post-thumbnail","hentry","category-yleiset"],"acf":[],"_links":{"self":[{"href":"https:\/\/www.skaala.com\/fi\/wp-json\/wp\/v2\/posts\/26596","targetHints":{"allow":["GET"]}}],"collection":[{"href":"https:\/\/www.skaala.com\/fi\/wp-json\/wp\/v2\/posts"}],"about":[{"href":"https:\/\/www.skaala.com\/fi\/wp-json\/wp\/v2\/types\/post"}],"author":[{"embeddable":true,"href":"https:\/\/www.skaala.com\/fi\/wp-json\/wp\/v2\/users\/5"}],"replies":[{"embeddable":true,"href":"https:\/\/www.skaala.com\/fi\/wp-json\/wp\/v2\/comments?post=26596"}],"version-history":[{"count":16,"href":"https:\/\/www.skaala.com\/fi\/wp-json\/wp\/v2\/posts\/26596\/revisions"}],"predecessor-version":[{"id":27200,"href":"https:\/\/www.skaala.com\/fi\/wp-json\/wp\/v2\/posts\/26596\/revisions\/27200"}],"wp:featuredmedia":[{"embeddable":true,"href":"https:\/\/www.skaala.com\/fi\/wp-json\/wp\/v2\/media\/26708"}],"wp:attachment":[{"href":"https:\/\/www.skaala.com\/fi\/wp-json\/wp\/v2\/media?parent=26596"}],"wp:term":[{"taxonomy":"category","embeddable":true,"href":"https:\/\/www.skaala.com\/fi\/wp-json\/wp\/v2\/categories?post=26596"},{"taxonomy":"post_tag","embeddable":true,"href":"https:\/\/www.skaala.com\/fi\/wp-json\/wp\/v2\/tags?post=26596"}],"curies":[{"name":"wp","href":"https:\/\/api.w.org\/{rel}","templated":true}]}}