{"id":17777,"date":"2023-10-10T21:52:26","date_gmt":"2023-10-10T18:52:26","guid":{"rendered":"https:\/\/www.skaala.com\/?p=17777"},"modified":"2025-06-25T14:04:49","modified_gmt":"2025-06-25T11:04:49","slug":"bostadsprojektet-the-brick-vid-telefonplan","status":"publish","type":"post","link":"https:\/\/www.skaala.com\/sv\/bostadsprojektet-the-brick-vid-telefonplan\/","title":{"rendered":"Bostadsprojektet &#8221;The Brick&#8221; vid Telefonplan"},"content":{"rendered":"\n<div id=\"image-block_0496e70924c216ffce72db13a9bb0ea1\" class=\"image-block\">\n\t\t\t\t<div class=\"image-container\" style=\"width: px; height: \n\t\tauto;\">\n\t\t\t<img decoding=\"async\" src=\"https:\/\/www.skaala.com\/wp-content\/uploads\/2023\/10\/Skaala-2023-Fotograf-Mattias-Hamren-17-scaled.jpg\" alt=\"Bostadsprojekt The Brick vid E4 med Skaalas ljudisolerande f\u00f6nster\">\n\t\t<\/div>\n\t \n\n\t<\/div>\n\n\n\n\t\n\t<div id=\"heading-block-block_f3ccd8b26e5a12efd3489ecf4a49630c\" class=\"heading-block\">\n\t\t<h2 ><span>Modern bostad med historiska r\u00f6tter<\/span><\/h2>\t<\/div>\n\n\n\n<div id=\"text-block-block_0ed6c1cefa39eae84280e43e0bd16324\" class=\"text-block\">\n\t\t\t<p class=\"article-editor-content__paragraph\" data-pm-slice=\"1 1 []\">M\u00e5nga av oss har k\u00f6rt f\u00f6rbi det imponerande byggprojektet i kvarteret <a href=\"https:\/\/www.thebrick.se\/\" target=\"_blank\" rel=\"noopener\">The Brick<\/a>, bel\u00e4get precis intill motorv\u00e4gen E4. Vad m\u00e5nga kanske inte vet \u00e4r den rika historien som denna plats b\u00e4r med sig.<\/p>\n\t<\/div>\n\n\n\n\t\n\t<div id=\"heading-block-block_8dc1c066258bcf02502920149c47c131\" class=\"heading-block\">\n\t\t<h3 ><span>Omr\u00e5dets historia<\/span><\/h3>\t<\/div>\n\n\n\n<div id=\"text-block-block_f2301c7f5c421e0681f635c38601edc9\" class=\"text-block\">\n\t\t\t<p class=\"article-editor-content__paragraph\" data-pm-slice=\"1 1 []\">Telefonplan i Midsommarkransen i s\u00f6dra Stockholm var en g\u00e5ng i tiden hemvist f\u00f6r LM Ericssons fabrik. Mellan \u00e5ren 1938 och 1940 uppf\u00f6rdes detta m\u00e4sterverk enligt arkitekten Ture Wennerholms ritningar. Fredric Bedoire, en k\u00e4nd arkitekturhistoriker, har beskrivit det som &#8221;kanske det vackraste av funktionalismens industrikomplex i Stockholm&#8221;. Mellan 1968 och 1974 expanderade Ericsson med ett nytt tegelkomplex i V\u00e4stberga som inneh\u00f6ll bland annat laboratorier och kontor. Men 2013 flyttade Ericsson fr\u00e5n dessa historiska lokaler till Kista. Nu st\u00e5r ALM Equity bakom rodret och omvandlar detta industriomr\u00e5de till ett pulserande bostadsomr\u00e5de.<\/p>\n\t<\/div>\n\n\n\n\t\n\t<div id=\"heading-block-block_f77e6b350eb709ccfc1066e9fd41921a\" class=\"heading-block\">\n\t\t<h3 ><span>The Brick: En Sammansm\u00e4ltning av Historik och Modernitet<\/span><\/h3>\t<\/div>\n\n\n\n<div id=\"text-block-block_050ecd0d5b43e11181f422453ca69a9d\" class=\"text-block\">\n\t\t\t<p class=\"article-editor-content__paragraph\" data-pm-slice=\"1 1 []\">N\u00e4r &#8221;The Brick&#8221; st\u00e5r klart kommer det att vara hem f\u00f6r 1100 l\u00e4genheter. Bland dessa kommer 670 vara hyresr\u00e4tter, uppdelade i tre distinkta delprojekt. Alba st\u00e5r ut med sina 396 hyresl\u00e4genheter; Rubigo introducerar 70 v\u00e4lplanerade bost\u00e4der, och Lignum kompletterar med 204 ytterligare bost\u00e4der. Alla dessa moderna hem f\u00f6rv\u00e4ntas v\u00e4lkomna sina f\u00f6rsta inv\u00e5nare under 2024.<\/p>\n\t<\/div>\n\n\n\n\n<div id=\"text-block-block_f6413f7a35a8a90c13f841cab640f994\" class=\"text-block\">\n\t\t\t<h3>V\u00e5rt Samarbete med 2A Entreprenad i &#8221;The Brick&#8221;-projektet<\/h3>\n<p class=\"article-editor-content__paragraph\">Hos Skaala \u00e4r vi alltid angel\u00e4gna om att delta i framst\u00e5ende byggprojekt, s\u00e4rskilt n\u00e4r vi f\u00e5r m\u00f6jlighet att framh\u00e4va v\u00e5ra expertisomr\u00e5den och leverera kvalitetsprodukter som verkligen g\u00f6r en skillnad. N\u00e4r vi fick m\u00f6jligheten att samarbeta med 2A Entreprenad f\u00f6r &#8221;The Brick&#8221;-projektet vid Telefonplan blev vi genast entusiastiska.<\/p>\n<p class=\"article-editor-content__paragraph\">Utmaningen i detta projekt var uppenbar fr\u00e5n b\u00f6rjan: att bygga bost\u00e4der direkt intill motorv\u00e4gen E4, d\u00e4r trafikens konstanta brus kunde bli en potentiell ol\u00e4genhet f\u00f6r framtida inv\u00e5nare. Men detta var just den typen av utmaning vi hos Skaala trivs med. Vi ser <a href=\"https:\/\/www.skaala.com\/sv\/expert-pa-ljud-och-energifonster\/\">bullerutmaningar<\/a> inte som hinder, utan som m\u00f6jligheter att demonstrera kraften i v\u00e5r teknologi.<\/p>\n<p class=\"article-editor-content__paragraph\">F\u00f6r detta specifika projekt visade det sig att v\u00e5ra <a href=\"https:\/\/www.skaala.com\/sv\/alla-f\u00f6nster\/inatgaende-fonster\/\">Beeta-f\u00f6nster<\/a> l\u00e4mpade sig b\u00e4st f\u00f6r att hantera de akustiska utmaningarna. Med ett karmdjup av b\u00e5de 131mm och 175mm kunde dessa f\u00f6nster, som uppfyller de strikta krav p\u00e5 RW+Ctr 48 dB, ge en l\u00f6sning p\u00e5 bullerproblemet. Vi levererade \u00e4ven \u00f6ppningsbara, fasta och brandf\u00f6nster samt f\u00f6nsterd\u00f6rrar, vilket s\u00e4kerst\u00e4llde att bost\u00e4derna inte bara var tysta utan \u00e4ven funktionella och estetiskt tilltalande.<\/p>\n<p class=\"article-editor-content__paragraph\" data-pm-slice=\"1 1 []\">Vi p\u00e5 Skaala \u00e4r stolta \u00f6ver v\u00e5rt bidrag till &#8221;The Brick&#8221;-projektet och ser fram emot fler fruktbara samarbeten med 2A Entreprenad i framtiden. Denna erfarenhet har ytterligare st\u00e4rkt v\u00e5r \u00f6vertygelse om att r\u00e4tt partnerskap kan \u00f6vervinna vilken byggutmaning som helst.<\/p>\n\t<\/div>\n\n\n\n\n<div id=\"image-block_a750972e643e06d63453c2d9cac3b606\" class=\"image-block\">\n\t\t\t\t<div class=\"image-container\" style=\"width: px; height: \n\t\tauto;\">\n\t\t\t<img decoding=\"async\" src=\"https:\/\/www.skaala.com\/wp-content\/uploads\/2020\/05\/Beeta-2020_light50.png\" alt=\"Kolmilasinen ikkuna - Skaala beeta ikkunan l\u00e4pileikkauskuva Skaalas ljudf\u00f6nster BEETA Skaalas f\u00f6nster\">\n\t\t<\/div>\n\t \n\n\t<\/div>\n\n","protected":false},"excerpt":{"rendered":"<p>Skaala levererar bullerd\u00e4mpande f\u00f6nster till The Brick vid E4, s\u00e4krar tyst och stilren boendemilj\u00f6.<\/p>\n","protected":false},"author":17,"featured_media":17778,"comment_status":"open","ping_status":"open","sticky":false,"template":"","format":"standard","meta":{"_acf_changed":false,"inline_featured_image":false,"footnotes":""},"categories":[3,1037],"tags":[],"class_list":["post-17777","post","type-post","status-publish","format-standard","has-post-thumbnail","hentry","category-nyheter","category-referens"],"acf":[],"_links":{"self":[{"href":"https:\/\/www.skaala.com\/sv\/wp-json\/wp\/v2\/posts\/17777","targetHints":{"allow":["GET"]}}],"collection":[{"href":"https:\/\/www.skaala.com\/sv\/wp-json\/wp\/v2\/posts"}],"about":[{"href":"https:\/\/www.skaala.com\/sv\/wp-json\/wp\/v2\/types\/post"}],"author":[{"embeddable":true,"href":"https:\/\/www.skaala.com\/sv\/wp-json\/wp\/v2\/users\/17"}],"replies":[{"embeddable":true,"href":"https:\/\/www.skaala.com\/sv\/wp-json\/wp\/v2\/comments?post=17777"}],"version-history":[{"count":14,"href":"https:\/\/www.skaala.com\/sv\/wp-json\/wp\/v2\/posts\/17777\/revisions"}],"predecessor-version":[{"id":24850,"href":"https:\/\/www.skaala.com\/sv\/wp-json\/wp\/v2\/posts\/17777\/revisions\/24850"}],"wp:featuredmedia":[{"embeddable":true,"href":"https:\/\/www.skaala.com\/sv\/wp-json\/wp\/v2\/media\/17778"}],"wp:attachment":[{"href":"https:\/\/www.skaala.com\/sv\/wp-json\/wp\/v2\/media?parent=17777"}],"wp:term":[{"taxonomy":"category","embeddable":true,"href":"https:\/\/www.skaala.com\/sv\/wp-json\/wp\/v2\/categories?post=17777"},{"taxonomy":"post_tag","embeddable":true,"href":"https:\/\/www.skaala.com\/sv\/wp-json\/wp\/v2\/tags?post=17777"}],"curies":[{"name":"wp","href":"https:\/\/api.w.org\/{rel}","templated":true}]}}